{"id":1408,"date":"2025-08-29T16:35:59","date_gmt":"2025-08-29T16:35:59","guid":{"rendered":"https:\/\/damosenelblanco.com\/no-es-cloudflare-es-laliga-per-que-la-teva-web-va-malament-quan-juga-el-barca\/"},"modified":"2025-10-11T07:30:15","modified_gmt":"2025-10-11T07:30:15","slug":"no-es-cloudflare-es-laliga-per-que-la-teva-web-va-malament-quan-juga-el-barca","status":"publish","type":"post","link":"https:\/\/damosenelblanco.com\/ca\/no-es-cloudflare-es-laliga-per-que-la-teva-web-va-malament-quan-juga-el-barca\/","title":{"rendered":"No \u00e9s Cloudflare: \u00e9s LALIGA. Per qu\u00e8 la teva web va malament quan juga el Bar\u00e7a."},"content":{"rendered":"\n<p><strong>El que est\u00e0 passant amb LALIGA i per qu\u00e8 t&#8217;afecta encara que no vegis futbol per internet<\/strong><\/p>\n\n<p>A Donem al Blanc preferim explicar les coses sense fum. Les darreres setmanes <strong>hem vist caigudes intermitents i accessos capritxosos<\/strong> en <strong>algunes webs de clients<\/strong> amb tr\u00e0nsit des d&#8217;Espanya. I, encara que hi va haver un incident puntual de Cloudflare el 21 d&#8217;agost, <strong>el que m\u00e9s ens ha impactat no s&#8217;explica per aix\u00f2<\/strong> . El que veiem \u2014i confirmen mitjans i associacions\u2014 \u00e9s un <strong>bloqueig de rangs d&#8217;IP associat a LALIGA<\/strong> que afecta <strong>milers de llocs leg\u00edtims<\/strong> com a dany col\u00b7lateral.     <\/p>\n\n<h2 class=\"wp-block-heading\">Qu\u00e8 hem viscut (en senzill)<\/h2>\n\n<ul class=\"wp-block-list\">\n<li>Pics d&#8217;usuaris que <strong>no podien entrar<\/strong> o entraven a estones.<br\/><\/li>\n\n\n\n<li>M\u00e8triques de campanyes <strong>falsejades<\/strong> (tr\u00e0fic que \u201cdesapareix\u201d per bloqueig, no per baixa demanda).<br\/><\/li>\n\n\n\n<li>Suport desbordat: \u201cs&#8217;ha trencat la meva web?\u201d.  <strong>No, te l&#8217;estan bloquejant sense ser culpa teva.<\/strong><\/li>\n<\/ul>\n\n<p>El que \u00e9s preocupant \u00e9s que no parlem de webs que retransmetin futbol: <strong>estem veient l&#8217;efecte en negocis legals, institucions i llocs culturals<\/strong> . Les associacions d?internautes han presentat queixes formals per aquests <strong>bloquejos massius i indiscriminats<\/strong> davant el Defensor del Poble, precisament pels danys a p\u00e0gines totalment alienes a la pirateria.   <\/p>\n\n<h2 class=\"wp-block-heading\">\u201cLlavors \u00e9s culpa de Cloudflare?\u201d No. <\/h2>\n\n<p>Separar temes \u00e9s clau:<\/p>\n\n<ul class=\"wp-block-list\">\n<li><strong>S\u00ed que<\/strong> hi va haver un incident <strong>a\u00efllat<\/strong> de Cloudflare el <strong>21 d&#8217;agost<\/strong> per congesti\u00f3 amb <strong>AWS us-east-1<\/strong> . Va ser global, va tenir principi i fi clars, i Cloudflare va publicar el seu post-mortem. <strong>No explica els bloquejos recurrents a Espanya<\/strong> que descrivim aqu\u00ed.   <br\/><\/li>\n\n\n\n<li>El que <strong>s&#8217;ha generalitzat a Espanya<\/strong> coincideix amb l&#8217; <strong>arrencada de temporada 2025\/26<\/strong> i amb mesures de bloqueig que <strong>s&#8217;emporten webs que no tenen res a veure amb futbol pirata<\/strong> . Diversos mitjans ho han documentat; LALIGA ho <strong>nega<\/strong> p\u00fablicament, per\u00f2 el mal hi \u00e9s i afecta tercers innocents.   <\/li>\n<\/ul>\n\n<h2 class=\"wp-block-heading\">Per qu\u00e8 \u00e9s tan injust (i perill\u00f3s)<\/h2>\n\n<p>Perqu\u00e8 <strong>talla pel sa<\/strong> : si un rang d&#8217;IP \u201cfa olor\u201d a alguna cosa que no agrada, <strong>es bloqueja tot el que viatja per aqu\u00ed<\/strong> , incloent botigues, mitjans i organismes. El resultat: <\/p>\n\n<ul class=\"wp-block-list\">\n<li><strong>Vendes perdudes<\/strong> a e-commerce.<br\/><\/li>\n\n\n\n<li><strong>Reputaci\u00f3<\/strong> tocada (\u201cla teva web va malament\u201d).<br\/><\/li>\n\n\n\n<li><strong>Dades contaminades<\/strong> per prendre decisions.<\/li>\n<\/ul>\n\n<p>Aix\u00f2 <strong>no es pot normalitzar<\/strong> : combatre la pirateria \u00e9s leg\u00edtim, <strong>trencar Internet pel cam\u00ed no<\/strong> . Per aix\u00f2 hi ha <strong>queixes formals<\/strong> demanant intervenci\u00f3 de les autoritats i un marc proporcionat.   <\/p>\n\n<h2 class=\"wp-block-heading\">Qu\u00e8 estem fent (el nostre pla per a clients)<\/h2>\n\n<ol class=\"wp-block-list\">\n<li><strong>Mitigar el mal avui<\/strong>\n<ul class=\"wp-block-list\">\n<li><strong>Rutes alternatives<\/strong> i <strong>multi-CDN<\/strong> quan s&#8217;aplica, per esquivar segments bloquejats.<\/li>\n\n\n\n<li><strong>Maneres degradades<\/strong> (contingut essencial servible encara que hi hagi bloqueig parcial).<\/li>\n\n\n\n<li><strong>P\u00e0gines d&#8217;estat i avisos<\/strong> per evitar la sensaci\u00f3 de \u201cs&#8217;ha trencat\u201d.<br\/><\/li>\n<\/ul>\n<\/li>\n\n\n\n<li><strong>Observar i provar<\/strong>\n<ul class=\"wp-block-list\">\n<li>Monitoritzaci\u00f3 per <strong>operador\/pa\u00eds<\/strong> per detectar patrons de bloqueig.<\/li>\n\n\n\n<li><strong>Proves de c\u00e0rrega<\/strong> pr\u00e8vies a pics (esportius, llan\u00e7aments, campanyes).<br\/><\/li>\n<\/ul>\n<\/li>\n\n\n\n<li><strong>Defensar els teus interessos<\/strong>\n<ul class=\"wp-block-list\">\n<li>Registre d&#8217; <strong>evid\u00e8ncies<\/strong> (dates, IPs, traceroutes, captures) per reclamar.<\/li>\n\n\n\n<li><strong>Coordinaci\u00f3<\/strong> amb altres afectats i associacions que ja han mogut fitxa davant del Defensor del Poble.<\/li>\n<\/ul>\n<\/li>\n<\/ol>\n\n<h2 class=\"wp-block-heading\">Si t&#8217;est\u00e0 afectant<\/h2>\n\n<ul class=\"wp-block-list\">\n<li>Escriu-nos. Activem un <strong>pla de conting\u00e8ncia<\/strong> al teu hosting\/CDN. <br\/><\/li>\n\n\n\n<li>T&#8217;ajudem a <strong>documentar-ho<\/strong> per a possibles reclamacions.<br\/><\/li>\n\n\n\n<li>Ajustem la teva <strong>anal\u00edtica<\/strong> per separar &#8220;caigudes per bloqueig&#8221; de comportament real dusuari.<\/li>\n<\/ul>\n\n<p><strong>Contacte:<\/strong> <a>hola@damosenelblanco.com<\/a> \u00b7 931 89 00 35<\/p>\n\n<h2 class=\"wp-block-heading\">Per a qui vulgui aprofundir (lectures)<\/h2>\n\n<ul class=\"wp-block-list\">\n<li><strong>Arrencada 2025\/26 i bloquejos d&#8217;IP<\/strong> amb impacte a webs leg\u00edtimes. <a href=\"https:\/\/www.xataka.com\/empresas-y-economia\/vuelve-futbol-realidad-inquietante-bloqueos-ips-laliga-van-a-ser-pesadilla-constante?utm_source=chatgpt.com\" target=\"_blank\" rel=\"noreferrer noopener\">Xataka<\/a><\/li>\n\n\n\n<li><strong>Queixa d&#8217;AI, AUI i FED davant del Defensor del Poble<\/strong> per bloquejos indiscriminats. <a href=\"https:\/\/cincodias.elpais.com\/legal\/2025-05-29\/asociaciones-de-internautas-denuncian-ante-el-defensor-del-pueblo-los-bloqueos-web-de-laliga.html?utm_source=chatgpt.com\" target=\"_blank\" rel=\"noreferrer noopener\">Cinc Dies<\/a><\/li>\n\n\n\n<li><strong>Cobertura<\/strong> sobre danys col\u00b7laterals i reclamacions p\u00fabliques. <a href=\"https:\/\/www.elboletin.com\/bloqueos-de-laliga-miles-de-webs-legitimas-caen-cada-fin-de-semana\/?utm_source=chatgpt.com\" target=\"_blank\" rel=\"noreferrer noopener\">EL BUTLLET\u00cd<\/a> <a href=\"https:\/\/confilegal.com\/20250529-despues-del-constitucional-ahora-ante-el-defensor-del-pueblo-angel-gabilondo-asociaciones-de-internautas-denuncian-los-bloqueos-masivos-y-arbitrarios-de-laliga-foto-ep\/?utm_source=chatgpt.com\" target=\"_blank\" rel=\"noreferrer noopener\">Confilegal<\/a><\/li>\n\n\n\n<li><strong>Post-mortem de Cloudflare (21\/08\/2025)<\/strong> \u2014 incident diferent del dels bloquejos locals. <a href=\"https:\/\/blog.cloudflare.com\/cloudflare-incident-on-august-21-2025\/?utm_source=chatgpt.com\" target=\"_blank\" rel=\"noreferrer noopener\">The Cloudflare Blog<\/a><\/li>\n\n\n\n<li><strong>La posici\u00f3 de LALIGA<\/strong> (nega bloquejos massius). <a href=\"https:\/\/www.20minutos.es\/tecnologia\/actualidad\/nueva-polemica-iptv-pirata-laliga-responde-criticas-niega-bloqueos-masivos-webs-legitimas_6239882_0.html?utm_source=chatgpt.com\" target=\"_blank\" rel=\"noreferrer noopener\">www.20minutos.es &#8211; \u00daltimes not\u00edcies<\/a><\/li>\n<\/ul>\n\n<hr class=\"wp-block-separator has-alpha-channel-opacity\"\/>\n","protected":false},"excerpt":{"rendered":"<p>El que est\u00e0 passant amb LALIGA i per qu\u00e8 t&#8217;afecta encara que no vegis futbol per internet A Donem al Blanc preferim explicar les coses sense fum. Les darreres setmanes hem vist caigudes intermitents i accessos capritxosos en algunes webs de clients amb tr\u00e0nsit des d&#8217;Espanya. I, encara que hi va haver un incident puntual [&hellip;]<\/p>\n","protected":false},"author":1,"featured_media":0,"comment_status":"open","ping_status":"open","sticky":false,"template":"","format":"standard","meta":{"footnotes":""},"categories":[53],"tags":[],"class_list":["post-1408","post","type-post","status-publish","format-standard","hentry","category-sense-categoritzar"],"acf":[],"_links":{"self":[{"href":"https:\/\/damosenelblanco.com\/ca\/wp-json\/wp\/v2\/posts\/1408","targetHints":{"allow":["GET"]}}],"collection":[{"href":"https:\/\/damosenelblanco.com\/ca\/wp-json\/wp\/v2\/posts"}],"about":[{"href":"https:\/\/damosenelblanco.com\/ca\/wp-json\/wp\/v2\/types\/post"}],"author":[{"embeddable":true,"href":"https:\/\/damosenelblanco.com\/ca\/wp-json\/wp\/v2\/users\/1"}],"replies":[{"embeddable":true,"href":"https:\/\/damosenelblanco.com\/ca\/wp-json\/wp\/v2\/comments?post=1408"}],"version-history":[{"count":1,"href":"https:\/\/damosenelblanco.com\/ca\/wp-json\/wp\/v2\/posts\/1408\/revisions"}],"predecessor-version":[{"id":1409,"href":"https:\/\/damosenelblanco.com\/ca\/wp-json\/wp\/v2\/posts\/1408\/revisions\/1409"}],"wp:attachment":[{"href":"https:\/\/damosenelblanco.com\/ca\/wp-json\/wp\/v2\/media?parent=1408"}],"wp:term":[{"taxonomy":"category","embeddable":true,"href":"https:\/\/damosenelblanco.com\/ca\/wp-json\/wp\/v2\/categories?post=1408"},{"taxonomy":"post_tag","embeddable":true,"href":"https:\/\/damosenelblanco.com\/ca\/wp-json\/wp\/v2\/tags?post=1408"}],"curies":[{"name":"wp","href":"https:\/\/api.w.org\/{rel}","templated":true}]}}